{"id":1010,"date":"2015-07-10T07:04:09","date_gmt":"2015-07-10T07:04:09","guid":{"rendered":"http:\/\/www.decoratel.net\/blog\/?p=1010"},"modified":"2020-02-06T17:23:00","modified_gmt":"2020-02-06T17:23:00","slug":"que-debe-saber-sobre-las-cortinas-acusticas","status":"publish","type":"post","link":"https:\/\/www.decoratel.net\/blog\/cortinas-de-sectorizacion\/que-debe-saber-sobre-las-cortinas-acusticas\/","title":{"rendered":"\u00bfQu\u00e9 debe saber sobre las cortinas ac\u00fasticas?"},"content":{"rendered":"<p style=\"text-align: justify;\">Imaginamos que Ud como empresa o particular consumidor ha encontrado este post en internet buscando el t\u00e9rmino <strong>cortinas ac\u00fasticas<\/strong>, porque necesita informaci\u00f3n sobre qu\u00e9 modelos hay en el mercado y a qu\u00e9 precios. Sin duda si est\u00e1 leyendo esta informaci\u00f3n es porque Decoratel Espa\u00f1a se sit\u00faa a d\u00eda de hoy como el principal referente en la confecci\u00f3n de todo tipo de cortinas y telones con cualidades t\u00e9cnicas ign\u00edfugas y antirruidos. A continuaci\u00f3n le vamos a exponer las principales cualidades de estos tejidos que tan necesarios son en lugares p\u00fablicos cerrados, ya sean p\u00fablicos o privados, hoteles, cines, teatros, salas de conferencias, estudios de grabaci\u00f3n, auditorios, etc\u2026<\/p>\n<p>&nbsp;<\/p>\n<div id=\"attachment_1453\" style=\"width: 2570px\" class=\"wp-caption alignnone\"><img aria-describedby=\"caption-attachment-1453\" loading=\"lazy\" class=\"wp-image-1453 size-full\" src=\"http:\/\/www.decoratel.net\/blog\/wp-content\/uploads\/2015\/07\/P90920-110545.jpg\" alt=\"cortinas ign\u00edfugas ac\u00fasticas\" width=\"2560\" height=\"1920\" srcset=\"https:\/\/www.decoratel.net\/blog\/wp-content\/uploads\/2015\/07\/P90920-110545.jpg 2560w, https:\/\/www.decoratel.net\/blog\/wp-content\/uploads\/2015\/07\/P90920-110545-300x225.jpg 300w, https:\/\/www.decoratel.net\/blog\/wp-content\/uploads\/2015\/07\/P90920-110545-768x576.jpg 768w, https:\/\/www.decoratel.net\/blog\/wp-content\/uploads\/2015\/07\/P90920-110545-1024x768.jpg 1024w, https:\/\/www.decoratel.net\/blog\/wp-content\/uploads\/2015\/07\/P90920-110545-624x468.jpg 624w\" sizes=\"(max-width: 2560px) 100vw, 2560px\" \/><p id=\"caption-attachment-1453\" class=\"wp-caption-text\">Cortinas para reducir el eco<\/p><\/div>\n<p><center><a href=\"http:\/\/www.decoratel-industriastextiles.net\/cortinas-aislamiento\" target=\"_blank\" rel=\"noopener noreferrer\"><img src=\"http:\/\/www.decoratel.com\/uploads\/repositorio\/674ff-boton-butacas.png\" alt=\"tienda online de cortinas ac\u00fasticas\" \/><\/a><br \/>\n<a href=\"http:\/\/www.decoratel-industriastextiles.net\/cortinas-aislamiento\" target=\"_blank\" rel=\"noopener noreferrer\"><img src=\"http:\/\/www.decoratel-industriastextiles.net\/uploads\/repositorio\/67fb8-promo-cortinas-acusticas.jpg\" alt=\"Cortinas ac\u00fasticas en oferta\" \/><\/a><\/center><\/p>\n<p style=\"text-align: justify;\"><span style=\"line-height: 1.714285714; font-size: 1rem;\">La principal y m\u00e1s importante de las ventajas de estos tejidos a la hora de aislar ac\u00fasticamente un espacio cerrado es la de que son ign\u00edfugos C1 permanentes, siendo el sector de los tejidos de protecci\u00f3n donde se ha aplicado nuestro know-how propio de la innovaci\u00f3n en el sector esc\u00e9nico principalmente, aunando altos niveles de funci\u00f3n y confort en sonido. Para ello, en Decoratel Esp\u00e0\u00f1a usamos fibras INHERENTES ign\u00edfugas creadas en origen, que mantienen sus altos niveles de protecci\u00f3n sin riesgo de p\u00e9rdida de los mismos tras numerosos lavados.<\/span><\/p>\n<p style=\"text-align: justify;\"><span style=\"line-height: 1.714285714; font-size: 1rem;\">Un sector que demanda mucho en nuestro pa\u00eds cortinas ac\u00fasticas e ign\u00edfugas son los hoteles, por ser un pa\u00eds donde este sector crece cada a\u00f1o, el mantenimiento y adaptaci\u00f3n de sus instalaciones han de estar al d\u00eda en materia de seguridad, por eso el tejido del cual se componen las cortinas de hosteler\u00eda es 100% Poli\u00e9ster FR, un tejido que se caracteriza por sus propiedades anti manchas, rapidez de secado, resistencia al paso del tiempo, y facilidad de lavado. Otras de su caracter\u00edsticas principales es su efecto protector que evita la retenci\u00f3n de humedad y por tanto la aparici\u00f3n de moho. El poli\u00e9ster no se arruga con tanta facilidad como otro tipo de tejidos y mantiene el color original durante m\u00e1s tiempo, adem\u00e1s de ello tienen caracter\u00edsticas fonoabsorbentes las cuales hacen de estas cortinas de las m\u00e1s polivalentes para los hoteles, por aportar opacidad y una notable reducci\u00f3n del sonido, por sus fibras microporosas.<\/span><\/p>\n<p style=\"text-align: justify;\"><span style=\"line-height: 1.714285714; font-size: 1rem;\">Los motivos que debe tener en cuenta a la hora de comprar cortinas ac\u00fasticas son muchos, pero las razones que nosotros le exponemos aqu\u00ed est\u00e1n sustentadas por a\u00f1os de experiencia y ensayos. Las cortinas ac\u00fasticas Insoudtex son un ejemplo de ello, logrando una serie de ventajas que est\u00e1n certificadas y homologadas:<\/span><\/p>\n<ol start=\"1\">\n<li>Nuestras cortinas han sido puestas a prueba simulando fielmente condiciones de audio en varios tramos de octavas en laboratorios, en graves y agudos y bajo unos criterios escrupulosamente medidos con son\u00f3metros homologados.<\/li>\n<li>Los tejidos que utilizamos son ign\u00edfugos C1 permanentes seg\u00fan la normativa contraincendios que se ha de cumplir en determinados espacios p\u00fablicos y de trabajo.<\/li>\n<li>Las cortinas ac\u00fasticas Insoudtex est\u00e1n confeccionadas en origen a partir de fibras microporosas que aportan una excelente absorci\u00f3n al sonido.<\/li>\n<li>Se adaptan a cualquier espacio ya que al ser cortinas pueden instalarse con todo tipo de rieles, ya sean rectos, curvos, incluso motorizados.<\/li>\n<li>Adem\u00e1s de su caracter\u00edstica funcional dispone de una gran variedad de colores, cumpliendo as\u00ed la funci\u00f3n de opacidad que tan tradicional hab\u00edan sido las cortinas negras o de tonos oscuros. Esto ha cambiado y ya se elaboran colores diferentes.<\/li>\n<li>Una cualidad y la m\u00e1s importante, reduce significativamente los niveles de DB incluso hasta 25 Db, seg\u00fan el n\u00famero de capas que lleven.<\/li>\n<\/ol>\n<ul>\n<li style=\"display: inline !important;\"><\/li>\n<\/ul>\n","protected":false},"excerpt":{"rendered":"<p>Imaginamos que Ud como empresa o particular consumidor ha encontrado este post en internet buscando el t\u00e9rmino cortinas ac\u00fasticas, porque necesita informaci\u00f3n sobre qu\u00e9 modelos hay en el mercado y a qu\u00e9 precios. Sin duda si est\u00e1 leyendo esta informaci\u00f3n es porque Decoratel Espa\u00f1a se sit\u00faa a d\u00eda de hoy como el principal referente en [&hellip;]<\/p>\n","protected":false},"author":5,"featured_media":0,"comment_status":"closed","ping_status":"closed","sticky":false,"template":"","format":"standard","meta":[],"categories":[25],"tags":[70],"_links":{"self":[{"href":"https:\/\/www.decoratel.net\/blog\/wp-json\/wp\/v2\/posts\/1010"}],"collection":[{"href":"https:\/\/www.decoratel.net\/blog\/wp-json\/wp\/v2\/posts"}],"about":[{"href":"https:\/\/www.decoratel.net\/blog\/wp-json\/wp\/v2\/types\/post"}],"author":[{"embeddable":true,"href":"https:\/\/www.decoratel.net\/blog\/wp-json\/wp\/v2\/users\/5"}],"replies":[{"embeddable":true,"href":"https:\/\/www.decoratel.net\/blog\/wp-json\/wp\/v2\/comments?post=1010"}],"version-history":[{"count":5,"href":"https:\/\/www.decoratel.net\/blog\/wp-json\/wp\/v2\/posts\/1010\/revisions"}],"predecessor-version":[{"id":1456,"href":"https:\/\/www.decoratel.net\/blog\/wp-json\/wp\/v2\/posts\/1010\/revisions\/1456"}],"wp:attachment":[{"href":"https:\/\/www.decoratel.net\/blog\/wp-json\/wp\/v2\/media?parent=1010"}],"wp:term":[{"taxonomy":"category","embeddable":true,"href":"https:\/\/www.decoratel.net\/blog\/wp-json\/wp\/v2\/categories?post=1010"},{"taxonomy":"post_tag","embeddable":true,"href":"https:\/\/www.decoratel.net\/blog\/wp-json\/wp\/v2\/tags?post=1010"}],"curies":[{"name":"wp","href":"https:\/\/api.w.org\/{rel}","templated":true}]}}