{"id":1163,"date":"2015-11-05T09:21:49","date_gmt":"2015-11-05T09:21:49","guid":{"rendered":"http:\/\/www.decoratel.net\/blog\/?p=1163"},"modified":"2020-01-17T17:48:27","modified_gmt":"2020-01-17T17:48:27","slug":"butacas-para-cines-fabricadas-con-materiales-ecologicos","status":"publish","type":"post","link":"https:\/\/www.decoratel.net\/blog\/butacas-para-teatros\/butacas-para-cines-fabricadas-con-materiales-ecologicos\/","title":{"rendered":"Butacas para cines fabricadas con materiales ecol\u00f3gicos"},"content":{"rendered":"<p style=\"text-align: justify;\">Cambiar cuesta y encontrar un equilibrio entre la ecolog\u00eda medioambiental y los beneficios de una empresa es complicado teniendo en cuenta que las normativas de contaminaci\u00f3n no son las mismas en cada pa\u00eds, por eso en Decoratel Espa\u00f1a apoyamos cuantas iniciativas se centralicen a favor del respeto al medio ambiente, sea cual sea el sector productivo. Desde nuestras instalaciones de fabricaci\u00f3n de <strong>butacas para cines y teatros<\/strong> contribuimos en la medida de lo posible a reducir las emisiones de gases contaminantes en al producci\u00f3n de materiales y componentes.<\/p>\n<div id=\"attachment_1342\" style=\"width: 416px\" class=\"wp-caption alignnone\"><img aria-describedby=\"caption-attachment-1342\" loading=\"lazy\" class=\"wp-image-1342 size-full\" src=\"http:\/\/www.decoratel.net\/blog\/wp-content\/uploads\/2015\/11\/butaca-de-cine-celend.jpg\" alt=\"Butaca reciclada para cines y teatros Celend\" width=\"406\" height=\"533\" srcset=\"https:\/\/www.decoratel.net\/blog\/wp-content\/uploads\/2015\/11\/butaca-de-cine-celend.jpg 406w, https:\/\/www.decoratel.net\/blog\/wp-content\/uploads\/2015\/11\/butaca-de-cine-celend-229x300.jpg 229w\" sizes=\"(max-width: 406px) 100vw, 406px\" \/><p id=\"caption-attachment-1342\" class=\"wp-caption-text\">Butaca de cine Celend<\/p><\/div>\n","protected":false},"excerpt":{"rendered":"<p>Cambiar cuesta y encontrar un equilibrio entre la ecolog\u00eda medioambiental y los beneficios de una empresa es complicado teniendo en cuenta que las normativas de contaminaci\u00f3n no son las mismas en cada pa\u00eds, por eso en Decoratel Espa\u00f1a apoyamos cuantas iniciativas se centralicen a favor del respeto al medio ambiente, sea cual sea el sector [&hellip;]<\/p>\n","protected":false},"author":5,"featured_media":0,"comment_status":"closed","ping_status":"closed","sticky":false,"template":"","format":"standard","meta":[],"categories":[5],"tags":[],"_links":{"self":[{"href":"https:\/\/www.decoratel.net\/blog\/wp-json\/wp\/v2\/posts\/1163"}],"collection":[{"href":"https:\/\/www.decoratel.net\/blog\/wp-json\/wp\/v2\/posts"}],"about":[{"href":"https:\/\/www.decoratel.net\/blog\/wp-json\/wp\/v2\/types\/post"}],"author":[{"embeddable":true,"href":"https:\/\/www.decoratel.net\/blog\/wp-json\/wp\/v2\/users\/5"}],"replies":[{"embeddable":true,"href":"https:\/\/www.decoratel.net\/blog\/wp-json\/wp\/v2\/comments?post=1163"}],"version-history":[{"count":3,"href":"https:\/\/www.decoratel.net\/blog\/wp-json\/wp\/v2\/posts\/1163\/revisions"}],"predecessor-version":[{"id":1343,"href":"https:\/\/www.decoratel.net\/blog\/wp-json\/wp\/v2\/posts\/1163\/revisions\/1343"}],"wp:attachment":[{"href":"https:\/\/www.decoratel.net\/blog\/wp-json\/wp\/v2\/media?parent=1163"}],"wp:term":[{"taxonomy":"category","embeddable":true,"href":"https:\/\/www.decoratel.net\/blog\/wp-json\/wp\/v2\/categories?post=1163"},{"taxonomy":"post_tag","embeddable":true,"href":"https:\/\/www.decoratel.net\/blog\/wp-json\/wp\/v2\/tags?post=1163"}],"curies":[{"name":"wp","href":"https:\/\/api.w.org\/{rel}","templated":true}]}}