{"id":492,"date":"2013-12-26T09:07:28","date_gmt":"2013-12-26T09:07:28","guid":{"rendered":"http:\/\/www.decoratel.net\/blog\/?p=492"},"modified":"2014-01-25T14:06:51","modified_gmt":"2014-01-25T14:06:51","slug":"gradas-portatiles-para-publico-sentado","status":"publish","type":"post","link":"https:\/\/www.decoratel.net\/blog\/partes-de-un-teatro\/gradas-portatiles-para-publico-sentado\/","title":{"rendered":"Gradas Port\u00e1tiles para P\u00fablico Sentado"},"content":{"rendered":"<p style=\"text-align: justify;\">\n<p style=\"text-align: justify;\">En Decoreatel podr\u00e1 encontrar las\u00a0<span style=\"color: #ff0000;\"><em><strong>gradas port\u00e1tiles rectas<\/strong><\/em><\/span>\u00a0 que est\u00e1n formadas con la tarima modular SCAF en aluminio reforzado\u00a0(Aleaci\u00f3n: EN-AW 6082 T6 seg\u00fan norma UNE-EN573) y madera de abedul contrachapado de 21m de grosor, para la formaci\u00f3n de gradas en distintas formas niveles y alturas de gran resistencia dise\u00f1ada y fabricada en \u00a0panel fen\u00f3lico 100% madera de abedul. La<a title=\"Tarimas SCAF\" href=\"http:\/\/www.telonesdecoratel.com\/productos\/tarimas-para-teatros\/\" target=\"_blank\">\u00a0tarima SCAF<\/a>\u00a0est\u00e1 formada por un marco reforzado de aluminio con panel antideslizante y un juego completo de cuatro patas telesc\u00f3picas intercambiables y graduables en alturas diferentes, con sus correspondientes sistemas de uni\u00f3n incluidos que hacen una f\u00e1cil configuraci\u00f3n a la hora de construir una grada para p\u00fablico sentado.<\/p>\n<p style=\"text-align: justify;\">Este tipo de gradas est\u00e1n pensadas y dise\u00f1adas para albergar a un<span style=\"color: #ff0000;\">\u00a0<strong>p\u00fablico sentado<\/strong><\/span>\u00a0gracias a las dimensiones de las tarimas SCAF de 2m x 1m. las cuales permiten la colocaci\u00f3n de pelda\u00f1os para facilitar el acceso a las partes m\u00e1s altas de la grada.<\/p>\n<div style=\"width: 356px\" class=\"wp-caption aligncenter\"><img loading=\"lazy\" alt=\"Gradas desmontables en Madrid\" src=\"https:\/\/lh3.googleusercontent.com\/-woEBWy3ekqA\/Urvh_XCSqXI\/AAAAAAAACJ0\/QNFqy43acI4\/w346-h209\/gradas%2Bportatiles%2Bpara%2Bpublico%2Bsentado%2Ben%2Bsevilla.png\" width=\"346\" height=\"209\" \/><p class=\"wp-caption-text\">Gradas port\u00e1tiles y desmontables para p\u00fablico sentado<\/p><\/div>\n<p style=\"text-align: justify;\">Las gradas SCAF que Decoratel ofrece combinan versatilidad con una gran resistencia y estabilidad y f\u00e1cil montaje. Las gradas SCAF ofrecen la mejor alternativa para cualquier tipo de evento o en la instalaci\u00f3n provisional o temporal en cualquier parte, ya sea interior o exterior, desde peque\u00f1os entarimados a grandes escenarios, pudi\u00e9ndose utilizar en m\u00faltiples configuraciones tanto para instalaciones permanentes como temporales (conciertos, teatros, audit\u00f3rium, podiums, pasarelas,conservatorios, tribunas,\u00a0<strong>gradas para p\u00fablico<\/strong>,<strong>\u00a0gradas polivalentes<\/strong>, gradas temporales,<strong>\u00a0gradas configurables<\/strong>, gradas de madera, gradas de aluminio,\u00a0<strong>gradas para colegios<\/strong>,\u00a0<strong>gradas para institutos<\/strong>, gradas para conciertos,<strong>\u00a0gradas para teatros<\/strong>,\u00a0<span style=\"color: #ff0000;\"><strong>gradas para p\u00fablico sentado<\/strong><\/span>, forums\u2026).<\/p>\n<p style=\"text-align: justify;\">Las tarimas est\u00e1n provistas con un sistema r\u00e1pido de anclaje de patas, \u00e9stas se fijan a las escuadras reforzadas internas del marco mediante pomos met\u00e1licos.<\/p>\n<p style=\"text-align: justify;\">Su sistema telesc\u00f3pico permite obtener m\u00faltiples alturas con un solo juego de patas, salvando posibles desniveles (escaleras, rampas..). La altura de las patas se fija mediante doble cierre de seguridad; con el pomo de presi\u00f3n met\u00e1lico se ajusta y se fija la altura deseada y como medida adicional\u00a0de seguridad, las patas se bloquean mediante tuerca de M10, asegurando de esta manera una fijaci\u00f3n total de la altura de las patas.<\/p>\n<p style=\"text-align: justify;\">Adem\u00e1s est\u00e1n provistas de un terminal inyectado en goma que evita cualquier deslizamiento de las tarimas, garantizando un perfecto ajuste a todo tipo de superficies.<\/p>\n<p style=\"text-align: justify;\">Para aumentar la resistencia de las gradas, Telones Decoratel recomienda la colocaci\u00f3n de arriostramientos (travesa\u00f1os) para tarimas con una altura a partir de 1,00 metro. Para una mayor maniobrabilidad, existen juegos de patas\u00a0telesc\u00f3picas con ruedas.<\/p>\n<p style=\"text-align: justify;\">En Telones Decoratel hemos pensado tambi\u00e9n en nuestros clientes est\u00e9n donde est\u00e9n, y por ello disponemos de una amplia distribuci\u00f3n en toda Espa\u00f1a, por eso podr\u00e1n encontrarnos por gradas port\u00e1tiles en Sevilla,<span style=\"color: #ff0000;\"><strong> gradas port\u00e1tiles en Madrid<\/strong><\/span>, gradas port\u00e1tiles en Barcelona y gradas port\u00e1tiles en Valencia.<\/p>\n","protected":false},"excerpt":{"rendered":"<p>En Decoreatel podr\u00e1 encontrar las\u00a0gradas port\u00e1tiles rectas\u00a0 que est\u00e1n formadas con la tarima modular SCAF en aluminio reforzado\u00a0(Aleaci\u00f3n: EN-AW 6082 T6 seg\u00fan norma UNE-EN573) y madera de abedul contrachapado de 21m de grosor, para la formaci\u00f3n de gradas en distintas formas niveles y alturas de gran resistencia dise\u00f1ada y fabricada en \u00a0panel fen\u00f3lico 100% madera [&hellip;]<\/p>\n","protected":false},"author":5,"featured_media":0,"comment_status":"closed","ping_status":"open","sticky":false,"template":"","format":"standard","meta":[],"categories":[16],"tags":[],"_links":{"self":[{"href":"https:\/\/www.decoratel.net\/blog\/wp-json\/wp\/v2\/posts\/492"}],"collection":[{"href":"https:\/\/www.decoratel.net\/blog\/wp-json\/wp\/v2\/posts"}],"about":[{"href":"https:\/\/www.decoratel.net\/blog\/wp-json\/wp\/v2\/types\/post"}],"author":[{"embeddable":true,"href":"https:\/\/www.decoratel.net\/blog\/wp-json\/wp\/v2\/users\/5"}],"replies":[{"embeddable":true,"href":"https:\/\/www.decoratel.net\/blog\/wp-json\/wp\/v2\/comments?post=492"}],"version-history":[{"count":3,"href":"https:\/\/www.decoratel.net\/blog\/wp-json\/wp\/v2\/posts\/492\/revisions"}],"predecessor-version":[{"id":494,"href":"https:\/\/www.decoratel.net\/blog\/wp-json\/wp\/v2\/posts\/492\/revisions\/494"}],"wp:attachment":[{"href":"https:\/\/www.decoratel.net\/blog\/wp-json\/wp\/v2\/media?parent=492"}],"wp:term":[{"taxonomy":"category","embeddable":true,"href":"https:\/\/www.decoratel.net\/blog\/wp-json\/wp\/v2\/categories?post=492"},{"taxonomy":"post_tag","embeddable":true,"href":"https:\/\/www.decoratel.net\/blog\/wp-json\/wp\/v2\/tags?post=492"}],"curies":[{"name":"wp","href":"https:\/\/api.w.org\/{rel}","templated":true}]}}