{"id":502,"date":"2013-12-31T10:13:42","date_gmt":"2013-12-31T10:13:42","guid":{"rendered":"http:\/\/www.decoratel.net\/blog\/?p=502"},"modified":"2014-01-25T14:06:51","modified_gmt":"2014-01-25T14:06:51","slug":"gradas-desmontables-para-coros","status":"publish","type":"post","link":"https:\/\/www.decoratel.net\/blog\/partes-de-un-teatro\/gradas-desmontables-para-coros\/","title":{"rendered":"Gradas Desmontables para Coros"},"content":{"rendered":"<p style=\"text-align: justify;\">Las Gradas Desmontables para Coros SCAF est\u00e1n dise\u00f1adas y fabricadas con la tarima desmontable modular SCAF para la formaci\u00f3n de gradas para coros en diferentes niveles y alturas, tiene una anchura de tarima de 0,50 mts, para albergar a cantores de pi\u00e9, de gran resistencia, dise\u00f1ada y fabricada en aluminio extrusionado (Aleaci\u00f3n: EN-AW 6082 T6 seg\u00fan norma UNE-EN573) y panel fen\u00f3lico 100% madera de abedul. La tarima SCAF est\u00e1 formada por un marco reforzado de aluminio con panel antideslizante y la posibilidad de elegir patas fijas o un juego de cuatro patas telesc\u00f3picas intercambiables, con sus correspondientes sistemas de uni\u00f3n incluidos que hacen una f\u00e1cil configuraci\u00f3n a la hora de construir una grada para coro totalmente desmontable, ya que por sus medidas est\u00e1 perfectamente dimensionada para albergar de pi\u00e9 a cantores y voces en cualquier espect\u00e1culo musical.<\/p>\n<div style=\"width: 595px\" class=\"wp-caption aligncenter\"><a title=\"Gradas port\u00e1tiles desmontables para coros\" href=\"https:\/\/lh6.googleusercontent.com\/-mkhRJAgUc38\/UsKJucOtr8I\/AAAAAAAACPo\/zGlFzbEUA6I\/w1044-h412-no\/GRADAS+PORTATILES+PARA+COROS+.png\" target=\"_blank\"><img loading=\"lazy\" class=\"   \" alt=\"Gradas port\u00e1tiles desmontables para Coros\" src=\"https:\/\/lh6.googleusercontent.com\/-mkhRJAgUc38\/UsKJucOtr8I\/AAAAAAAACPo\/zGlFzbEUA6I\/w1044-h412-no\/GRADAS+PORTATILES+PARA+COROS+.png\" width=\"585\" height=\"230\" \/><\/a><p class=\"wp-caption-text\">Gradas port\u00e1tiles desmontables para Coros<\/p><\/div>\n<p style=\"text-align: justify;\">Las Tarimas SCAF combinan versatilidad con una gran estabilidad, gran resistencia y f\u00e1cil montaje. Ofrecen la mejor soluci\u00f3n para cualquier tipo de evento, desde peque\u00f1os entarimados a grandes escenarios y entarimados para coros pudi\u00e9ndose utilizar en m\u00faltiples configuraciones tanto para instalaciones permanentes como temporales (conciertos, teatros, audit\u00f3rium, podiums, pasarelas,conservatorios, tribunas, gradas para p\u00fablico, gradas polivalentes, gradas temporales, gradas para coros, gradas configurables, gradas de madera, gradas de aluminio, gradas para colegios, gradas para institutos, gradas para conciertos, gradas para teatros,forums\u2026).<\/p>\n<p style=\"text-align: justify;\">Las gradas desmontables SCAF est\u00e1n provistas con un sistema r\u00e1pido de anclaje de patas, \u00e9stas se fijan a las escuadras internas del marco mediante pomos met\u00e1licos.<\/p>\n<p style=\"text-align: justify;\">Su sistema telesc\u00f3pico permite obtener m\u00faltiples alturas con un solo juego de patas, salvando posibles desniveles (escaleras, rampas..). La altura de las patas se fija mediante doble cierre de seguridad; con el pomo de presi\u00f3n met\u00e1lico se ajusta y se fija la altura deseada y como medida adicional.<\/p>\n<p style=\"text-align: justify;\">Estas gradas est\u00e1n provistas de a elecci\u00f3n del cliente de barandillas de seguridad que se colocan f\u00e1cilmente al marco de aluminio reforzado-extrusionado de cada m\u00f3dulo, proporcionando la seguridad necesaria en la \u00faltima fila de la grada a las personas.<\/p>\n","protected":false},"excerpt":{"rendered":"<p>Las Gradas Desmontables para Coros SCAF est\u00e1n dise\u00f1adas y fabricadas con la tarima desmontable modular SCAF para la formaci\u00f3n de gradas para coros en diferentes niveles y alturas, tiene una anchura de tarima de 0,50 mts, para albergar a cantores de pi\u00e9, de gran resistencia, dise\u00f1ada y fabricada en aluminio extrusionado (Aleaci\u00f3n: EN-AW 6082 T6 [&hellip;]<\/p>\n","protected":false},"author":5,"featured_media":0,"comment_status":"closed","ping_status":"open","sticky":false,"template":"","format":"standard","meta":[],"categories":[16],"tags":[],"_links":{"self":[{"href":"https:\/\/www.decoratel.net\/blog\/wp-json\/wp\/v2\/posts\/502"}],"collection":[{"href":"https:\/\/www.decoratel.net\/blog\/wp-json\/wp\/v2\/posts"}],"about":[{"href":"https:\/\/www.decoratel.net\/blog\/wp-json\/wp\/v2\/types\/post"}],"author":[{"embeddable":true,"href":"https:\/\/www.decoratel.net\/blog\/wp-json\/wp\/v2\/users\/5"}],"replies":[{"embeddable":true,"href":"https:\/\/www.decoratel.net\/blog\/wp-json\/wp\/v2\/comments?post=502"}],"version-history":[{"count":3,"href":"https:\/\/www.decoratel.net\/blog\/wp-json\/wp\/v2\/posts\/502\/revisions"}],"predecessor-version":[{"id":504,"href":"https:\/\/www.decoratel.net\/blog\/wp-json\/wp\/v2\/posts\/502\/revisions\/504"}],"wp:attachment":[{"href":"https:\/\/www.decoratel.net\/blog\/wp-json\/wp\/v2\/media?parent=502"}],"wp:term":[{"taxonomy":"category","embeddable":true,"href":"https:\/\/www.decoratel.net\/blog\/wp-json\/wp\/v2\/categories?post=502"},{"taxonomy":"post_tag","embeddable":true,"href":"https:\/\/www.decoratel.net\/blog\/wp-json\/wp\/v2\/tags?post=502"}],"curies":[{"name":"wp","href":"https:\/\/api.w.org\/{rel}","templated":true}]}}