{"id":961,"date":"2015-05-25T09:55:53","date_gmt":"2015-05-25T09:55:53","guid":{"rendered":"http:\/\/www.decoratel.net\/blog\/?p=961"},"modified":"2020-02-11T17:27:45","modified_gmt":"2020-02-11T17:27:45","slug":"cortinas-acusticas-para-oficinas","status":"publish","type":"post","link":"https:\/\/www.decoratel.net\/blog\/cortinas-de-sectorizacion\/cortinas-acusticas-para-oficinas\/","title":{"rendered":"Cortinas ac\u00fasticas para oficinas"},"content":{"rendered":"<p style=\"text-align: justify;\">El ruido es uno de los elementos contaminantes m\u00e1s habituales en los puestos de trabajo incluidos los de tipo no industrial, por ejemplo, las oficinas. Es cierto que en estos ambientes rara vez se presenta el riesgo de p\u00e9rdida de capacidad auditiva, pero tambi\u00e9n es cierto que el ruido, aun a niveles alejados de los que producen da\u00f1os auditivos, puede dar lugar a otros efectos como son: alteraciones fisiol\u00f3gicas, distracciones, interferencias en la comunicaci\u00f3n o alteraciones psicol\u00f3gicas. Para evitar este tipo de consecuencias, Decoratel Espa\u00f1a ofrece para las oficinas de cualquier empresa <strong>soluciones ac\u00fasticas mediante cortinas<\/strong>, las cuales presentan unas excelentes prestaciones en cuanto a la absorci\u00f3n y al mismo tiempo reduce los niveles de ruido favoreciendo un buen clima en audici\u00f3n.<\/p>\n<div id=\"attachment_1500\" style=\"width: 1510px\" class=\"wp-caption alignnone\"><img aria-describedby=\"caption-attachment-1500\" loading=\"lazy\" class=\"wp-image-1500 size-full\" src=\"http:\/\/www.decoratel.net\/blog\/wp-content\/uploads\/2015\/05\/cortinas-aislamiento-acustico-en-oficinas.jpg\" alt=\"cortinas oficinas ac\u00fasticas\" width=\"1500\" height=\"1000\" srcset=\"https:\/\/www.decoratel.net\/blog\/wp-content\/uploads\/2015\/05\/cortinas-aislamiento-acustico-en-oficinas.jpg 1500w, https:\/\/www.decoratel.net\/blog\/wp-content\/uploads\/2015\/05\/cortinas-aislamiento-acustico-en-oficinas-300x200.jpg 300w, https:\/\/www.decoratel.net\/blog\/wp-content\/uploads\/2015\/05\/cortinas-aislamiento-acustico-en-oficinas-768x512.jpg 768w, https:\/\/www.decoratel.net\/blog\/wp-content\/uploads\/2015\/05\/cortinas-aislamiento-acustico-en-oficinas-1024x683.jpg 1024w, https:\/\/www.decoratel.net\/blog\/wp-content\/uploads\/2015\/05\/cortinas-aislamiento-acustico-en-oficinas-624x416.jpg 624w\" sizes=\"(max-width: 1500px) 100vw, 1500px\" \/><p id=\"caption-attachment-1500\" class=\"wp-caption-text\">Cortinas decorativas para separar ambientes en oficinas<\/p><\/div>\n<p><center><a href=\"http:\/\/www.decoratel-industriastextiles.net\/cortinas-aislamiento\" target=\"_blank\" rel=\"noopener noreferrer\"><img src=\"http:\/\/www.decoratel.com\/uploads\/repositorio\/674ff-boton-butacas.png\" alt=\"tienda online de cortinas ac\u00fasticas\" \/><\/a><br \/>\n<a href=\"http:\/\/www.decoratel-industriastextiles.net\/cortinas-aislamiento\" target=\"_blank\" rel=\"noopener noreferrer\"><img src=\"http:\/\/www.decoratel-industriastextiles.net\/uploads\/repositorio\/67fb8-promo-cortinas-acusticas.jpg\" alt=\"Cortinas ac\u00fasticas en oferta\" \/><\/a><\/center><\/p>\n<p style=\"text-align: justify;\"><span style=\"line-height: 1.714285714; font-size: 1rem;\">El primer paso en el an\u00e1lisis de un problema de ruido en una oficina deber\u00eda ser la identificaci\u00f3n de la fuente de ruido cr\u00edtica. Para ello, los trabajadores ser\u00e1n las principales fuentes de informaci\u00f3n. Es frecuente que las quejas por ruido est\u00e9n relacionadas con una fuente concreta, por lo que las mediciones y las acciones correctoras se deber\u00edan centrar en esa fuente, ya que cualquier acci\u00f3n tomada sobre otras fuentes, probablemente, no conseguir\u00eda una mejora sustancial.<\/span><\/p>\n<p style=\"text-align: justify;\"><span style=\"line-height: 1.714285714; font-size: 1rem;\">El segundo paso deber\u00eda consistir en aclarar qu\u00e9 variantes hacen que un ruido sea considerado molesto. En algunas ocasiones, el problema se limita a la existencia de niveles de presi\u00f3n sonora excesivamente elevados, por lo que la medici\u00f3n del nivel de ruido continuo equivalente podr\u00eda ser suficiente; en otras, ser\u00e1 necesario conocer el espectro de frecuencia del ruido; pero en la mayor parte de las ocasiones, las mediciones del ruido deber\u00e1n ser complementadas con el estudio de aspectos no f\u00edsicos para determinar el grado de molestia que ocasiona el ruido, por ejemplo, el tipo de tarea, el grado de distracci\u00f3n que supone el ruido, su contenido en informaci\u00f3n o la actitud de las personas frente al ruido.<\/span><\/p>\n<p style=\"text-align: justify;\"><span style=\"line-height: 1.714285714; font-size: 1rem;\">Otro aspecto importante es analizar el grado de reflexi\u00f3n de que se componen los materiales o revestimientos de la oficina, ya que determinadas superficies lisas y poco absorbentes, hacen mayor el grado de resonancia en un espacio de trabajo.<\/span><\/p>\n<p style=\"text-align: justify;\"><span style=\"line-height: 1.714285714; font-size: 1rem;\">La soluci\u00f3n a todas estas variantes es Insoudtex, la cortina ac\u00fastica m\u00e1s vers\u00e1til y funcional para cualquier tipo de espacios, con tejido ign\u00edfugo de primera calidad, se considera el est\u00e1ndar en tejidos fonoabsorbentes.<\/span><\/p>\n","protected":false},"excerpt":{"rendered":"<p>El ruido es uno de los elementos contaminantes m\u00e1s habituales en los puestos de trabajo incluidos los de tipo no industrial, por ejemplo, las oficinas. Es cierto que en estos ambientes rara vez se presenta el riesgo de p\u00e9rdida de capacidad auditiva, pero tambi\u00e9n es cierto que el ruido, aun a niveles alejados de los [&hellip;]<\/p>\n","protected":false},"author":5,"featured_media":0,"comment_status":"closed","ping_status":"closed","sticky":false,"template":"","format":"standard","meta":[],"categories":[25],"tags":[],"_links":{"self":[{"href":"https:\/\/www.decoratel.net\/blog\/wp-json\/wp\/v2\/posts\/961"}],"collection":[{"href":"https:\/\/www.decoratel.net\/blog\/wp-json\/wp\/v2\/posts"}],"about":[{"href":"https:\/\/www.decoratel.net\/blog\/wp-json\/wp\/v2\/types\/post"}],"author":[{"embeddable":true,"href":"https:\/\/www.decoratel.net\/blog\/wp-json\/wp\/v2\/users\/5"}],"replies":[{"embeddable":true,"href":"https:\/\/www.decoratel.net\/blog\/wp-json\/wp\/v2\/comments?post=961"}],"version-history":[{"count":5,"href":"https:\/\/www.decoratel.net\/blog\/wp-json\/wp\/v2\/posts\/961\/revisions"}],"predecessor-version":[{"id":1504,"href":"https:\/\/www.decoratel.net\/blog\/wp-json\/wp\/v2\/posts\/961\/revisions\/1504"}],"wp:attachment":[{"href":"https:\/\/www.decoratel.net\/blog\/wp-json\/wp\/v2\/media?parent=961"}],"wp:term":[{"taxonomy":"category","embeddable":true,"href":"https:\/\/www.decoratel.net\/blog\/wp-json\/wp\/v2\/categories?post=961"},{"taxonomy":"post_tag","embeddable":true,"href":"https:\/\/www.decoratel.net\/blog\/wp-json\/wp\/v2\/tags?post=961"}],"curies":[{"name":"wp","href":"https:\/\/api.w.org\/{rel}","templated":true}]}}